{"id":458,"date":"2025-07-22T19:45:09","date_gmt":"2025-07-22T16:45:09","guid":{"rendered":"https:\/\/samtecno.cl\/v3\/?p=458"},"modified":"2025-07-22T19:45:10","modified_gmt":"2025-07-22T16:45:10","slug":"brecha-digital-de-genero-transformacion-digital-e-inteligencia-artificial-una-mirada-desde-chile","status":"publish","type":"post","link":"https:\/\/samtecno.cl\/v3\/brecha-digital-de-genero-transformacion-digital-e-inteligencia-artificial-una-mirada-desde-chile\/","title":{"rendered":"Brecha Digital de G\u00e9nero, Transformaci\u00f3n Digital e Inteligencia Artificial: Una mirada desde Chile"},"content":{"rendered":"\n<p>Cuando hablamos de transformaci\u00f3n digital, muchas veces pensamos en tecnolog\u00eda, plataformas y automatizaci\u00f3n. Pero en realidad, la verdadera transformaci\u00f3n digital tiene que ver con&nbsp;<strong>personas, cultura y prop\u00f3sito<\/strong>. Es el proceso por el cual las organizaciones, p\u00fablicas o privadas, adaptan su forma de operar y tomar decisiones mediante el uso de tecnolog\u00edas digitales, para generar mayor valor y responder mejor a las necesidades del entorno. Y como todo cambio estructural, este proceso trae consigo desaf\u00edos, especialmente en t\u00e9rminos de equidad y acceso.<\/p>\n\n\n\n<p>En Chile, el Estado ha avanzado en su transformaci\u00f3n digital con iniciativas como la Ley 21.180, que obliga a digitalizar los procedimientos administrativos. Pero al observar estos avances desde una perspectiva de g\u00e9nero, nos damos cuenta de una gran brecha:&nbsp;<strong>no todas las personas acceden ni participan del mismo modo en esta revoluci\u00f3n digital<\/strong>.<\/p>\n\n\n\n<h2 class=\"wp-block-heading\">\u00bfC\u00f3mo se manifiesta esta brecha?<\/h2>\n\n\n\n<p>Por ejemplo:<\/p>\n\n\n\n<ul class=\"wp-block-list\">\n<li>Aunque m\u00e1s del 97% de los hogares chilenos tienen acceso a internet,\u00a0<strong>las mujeres jefas de hogar<\/strong>\u00a0dependen en mayor medida de conexiones m\u00f3viles (30% frente a 25% de los hombres). (<a href=\"https:\/\/www.subtel.gob.cl\/\">Subtel, 2023<\/a>)<\/li>\n\n\n\n<li>El uso de plataformas estatales como Clave \u00danica o el Portal del Ciudadano es menor entre mujeres. (Observatorio de Genero USACH)<\/li>\n\n\n\n<li>El\u00a0<strong>77% de las mujeres<\/strong>\u00a0declara dificultades para realizar teletrabajo, educaci\u00f3n en l\u00ednea o tr\u00e1mites digitales. En los hombres, esta cifra es del 61%. (<a href=\"https:\/\/www.ine.gob.cl\/\">INE, ENUSC 2022<\/a>)<\/li>\n<\/ul>\n\n\n\n<h2 class=\"wp-block-heading\">Educaci\u00f3n digital y liderazgo: otra capa de desigualdad<\/h2>\n\n\n\n<p>La brecha digital de g\u00e9nero tambi\u00e9n se observa en la formaci\u00f3n y participaci\u00f3n en carreras tecnol\u00f3gicas:<\/p>\n\n\n\n<ul class=\"wp-block-list\">\n<li>Solo entre un\u00a0<strong>24% y un 30%<\/strong>\u00a0de la matr\u00edcula en carreras STEM corresponde a mujeres. (<a href=\"https:\/\/www.unesco.org\/\">UNESCO, 2023<\/a>)<\/li>\n\n\n\n<li>Solo el\u00a0<strong>18,4%<\/strong>\u00a0de los coordinadores municipales de transformaci\u00f3n digital son mujeres. (<a href=\"https:\/\/digital.gob.cl\/\">Divisi\u00f3n de Gobierno Digital, 2023<\/a>)<\/li>\n<\/ul>\n\n\n\n<p>Esto significa que muchas de las decisiones sobre c\u00f3mo se implementa la tecnolog\u00eda en nuestras instituciones se toman sin una mirada femenina representativa. Y esto es preocupante, porque&nbsp;<strong>una transformaci\u00f3n sin equidad no es una verdadera transformaci\u00f3n<\/strong>.<\/p>\n\n\n\n<h2 class=\"wp-block-heading\">Y ahora entra la Inteligencia Artificial<\/h2>\n\n\n\n<p>En los \u00faltimos a\u00f1os, la inteligencia artificial (IA) ha irrumpido como una nueva fase de la transformaci\u00f3n digital. Ya no se trata solo de digitalizar lo que hac\u00edamos en papel, sino de crear sistemas que \u00abaprenden\u00bb y toman decisiones por nosotros. Aqu\u00ed tambi\u00e9n hay una alerta importante:<\/p>\n\n\n\n<ul class=\"wp-block-list\">\n<li>Solo el\u00a0<strong>22% de los profesionales en IA<\/strong>\u00a0a nivel global son mujeres. (<a href=\"https:\/\/www.unwomen.org\/\">ONU Mujeres, 2023<\/a>)<\/li>\n\n\n\n<li>Si los datos que alimentan los algoritmos tienen sesgos de g\u00e9nero, las decisiones que tome esa IA tambi\u00e9n ser\u00e1n discriminatorias.<\/li>\n\n\n\n<li>Si las mujeres no est\u00e1n en los equipos de desarrollo, regulaci\u00f3n y uso de estas tecnolog\u00edas,\u00a0<strong>su visi\u00f3n queda fuera del futuro digital<\/strong>.<\/li>\n<\/ul>\n\n\n\n<h2 class=\"wp-block-heading\">Entonces, \u00bfqu\u00e9 hacemos?<\/h2>\n\n\n\n<p>La brecha digital de g\u00e9nero no es un tema t\u00e9cnico: es un&nbsp;<strong>tema social, cultural y estructural<\/strong>. Para avanzar hacia una transformaci\u00f3n digital m\u00e1s justa, necesitamos:<\/p>\n\n\n\n<ul class=\"wp-block-list\">\n<li>Incluir m\u00e1s mujeres en programas de formaci\u00f3n digital y carreras STEM.<\/li>\n\n\n\n<li>Asegurar que el dise\u00f1o de servicios digitales considere las realidades de las mujeres.<\/li>\n\n\n\n<li>Promover la participaci\u00f3n femenina en roles de liderazgo tecnol\u00f3gico y en el desarrollo de IA.<\/li>\n\n\n\n<li>Adoptar principios de justicia algor\u00edtmica y equidad de g\u00e9nero en el desarrollo de tecnolog\u00edas.<\/li>\n<\/ul>\n\n\n\n<h2 class=\"wp-block-heading\">Conclusi\u00f3n<\/h2>\n\n\n\n<p>La transformaci\u00f3n digital y la inteligencia artificial pueden ser grandes aliadas del bienestar y la equidad,&nbsp;<strong>siempre que no dejemos a nadie atr\u00e1s<\/strong>. Si queremos construir un Estado digital m\u00e1s justo, inclusivo y eficiente, necesitamos mirar estos procesos tambi\u00e9n con lentes de g\u00e9nero. Porque transformar digitalmente el Estado&nbsp;<strong>es tambi\u00e9n transformarlo en clave de igualdad<\/strong>.<\/p>\n\n\n\n<hr class=\"wp-block-separator has-alpha-channel-opacity\"\/>\n\n\n\n<h3 class=\"wp-block-heading\">Fuentes:<\/h3>\n\n\n\n<ul class=\"wp-block-list\">\n<li><a href=\"https:\/\/www.subtel.gob.cl\/\" target=\"_blank\" rel=\"noreferrer noopener\">Subsecretar\u00eda de Telecomunicaciones (Subtel), \u00abInforme de Brecha Digital 2023\u00bb<\/a><\/li>\n\n\n\n<li><a href=\"https:\/\/www.ine.gob.cl\/\" target=\"_blank\" rel=\"noreferrer noopener\">Instituto Nacional de Estad\u00edsticas (INE), Encuesta Nacional sobre Acceso y Uso de Internet en Hogares (ENUSC, 2022)<\/a><\/li>\n\n\n\n<li><a href=\"https:\/\/digital.gob.cl\/\" target=\"_blank\" rel=\"noreferrer noopener\">Divisi\u00f3n de Gobierno Digital, Ministerio Secretar\u00eda General de la Presidencia (2023)<\/a><\/li>\n\n\n\n<li><a href=\"https:\/\/www.unesco.org\/\" target=\"_blank\" rel=\"noreferrer noopener\">UNESCO \/ ONU Mujeres, \u00abInforme regional sobre mujeres en ciencia, tecnolog\u00eda e innovaci\u00f3n en Am\u00e9rica Latina y el Caribe\u00bb (2023)<\/a><\/li>\n\n\n\n<li><a href=\"https:\/\/www.unwomen.org\/\" target=\"_blank\" rel=\"noreferrer noopener\">ONU Mujeres, \u00abG\u00e9nero e Inteligencia Artificial\u00bb<\/a><\/li>\n\n\n\n<li><a href=\"https:\/\/www.oecd.org\/digital\/bridging-the-digital-gender-divide.pdf\" target=\"_blank\" rel=\"noreferrer noopener\">OECD, \u00abBridging the Digital Gender Divide\u00bb (2021)<\/a><\/li>\n\n\n\n<li><a href=\"https:\/\/www.caf.com\/\" target=\"_blank\" rel=\"noreferrer noopener\">BID \u2013 CAF, \u00abDiagn\u00f3stico sobre IA y g\u00e9nero en Am\u00e9rica Latina\u00bb (2024)<\/a><\/li>\n<\/ul>\n\n\n\n<figure class=\"wp-block-image\"><img decoding=\"async\" src=\"https:\/\/observatoriotransformaciondigital.cl\/wp-content\/uploads\/2025\/06\/image.png\" alt=\"\" class=\"wp-image-516\"\/><\/figure>\n\n\n\n<p>Fuente: https:\/\/observatoriotransformaciondigital.cl\/brecha-digital-de-genero-en-la-transformacion-digital-del-estado-y-el-avance-de-la-inteligencia-artificial-en-chile\/<\/p>\n\n\n\n<p><\/p>\n","protected":false},"excerpt":{"rendered":"<p>Cuando hablamos de transformaci\u00f3n digital, muchas veces pensamos en tecnolog\u00eda, plataformas y automatizaci\u00f3n. Pero en realidad, la verdadera transformaci\u00f3n digital tiene que ver con&nbsp;personas, cultura y prop\u00f3sito. Es el proceso por el cual las organizaciones, p\u00fablicas o privadas, adaptan su forma de operar y tomar decisiones mediante el uso de tecnolog\u00edas digitales, para generar mayor [&hellip;]<\/p>\n","protected":false},"author":2,"featured_media":0,"comment_status":"open","ping_status":"open","sticky":false,"template":"","format":"standard","meta":{"saved_in_kubio":false,"_monsterinsights_skip_tracking":false,"_monsterinsights_sitenote_active":false,"_monsterinsights_sitenote_note":"","_monsterinsights_sitenote_category":0,"footnotes":""},"categories":[8],"tags":[],"class_list":["post-458","post","type-post","status-publish","format-standard","hentry","category-insights"],"aioseo_notices":[],"yoast_head":"<!-- This site is optimized with the Yoast SEO plugin v26.8 - https:\/\/yoast.com\/product\/yoast-seo-wordpress\/ -->\n<title>Brecha Digital de G\u00e9nero, Transformaci\u00f3n Digital e Inteligencia Artificial: Una mirada desde Chile - SAMTECNO<\/title>\n<meta name=\"robots\" content=\"index, follow, max-snippet:-1, max-image-preview:large, max-video-preview:-1\" \/>\n<link rel=\"canonical\" href=\"https:\/\/samtecno.cl\/v3\/brecha-digital-de-genero-transformacion-digital-e-inteligencia-artificial-una-mirada-desde-chile\/\" \/>\n<meta property=\"og:locale\" content=\"es_ES\" \/>\n<meta property=\"og:type\" content=\"article\" \/>\n<meta property=\"og:title\" content=\"Brecha Digital de G\u00e9nero, Transformaci\u00f3n Digital e Inteligencia Artificial: Una mirada desde Chile - SAMTECNO\" \/>\n<meta property=\"og:description\" content=\"Cuando hablamos de transformaci\u00f3n digital, muchas veces pensamos en tecnolog\u00eda, plataformas y automatizaci\u00f3n. Pero en realidad, la verdadera transformaci\u00f3n digital tiene que ver con&nbsp;personas, cultura y prop\u00f3sito. Es el proceso por el cual las organizaciones, p\u00fablicas o privadas, adaptan su forma de operar y tomar decisiones mediante el uso de tecnolog\u00edas digitales, para generar mayor [&hellip;]\" \/>\n<meta property=\"og:url\" content=\"https:\/\/samtecno.cl\/v3\/brecha-digital-de-genero-transformacion-digital-e-inteligencia-artificial-una-mirada-desde-chile\/\" \/>\n<meta property=\"og:site_name\" content=\"SAMTECNO\" \/>\n<meta property=\"article:published_time\" content=\"2025-07-22T16:45:09+00:00\" \/>\n<meta property=\"article:modified_time\" content=\"2025-07-22T16:45:10+00:00\" \/>\n<meta name=\"author\" content=\"Sergio Araya\" \/>\n<meta name=\"twitter:card\" content=\"summary_large_image\" \/>\n<meta name=\"twitter:label1\" content=\"Escrito por\" \/>\n\t<meta name=\"twitter:data1\" content=\"Sergio Araya\" \/>\n\t<meta name=\"twitter:label2\" content=\"Tiempo estimado de lectura\" \/>\n\t<meta name=\"twitter:data2\" content=\"4 minutos\" \/>\n<script type=\"application\/ld+json\" class=\"yoast-schema-graph\">{\"@context\":\"https:\/\/schema.org\",\"@graph\":[{\"@type\":\"Article\",\"@id\":\"https:\/\/samtecno.cl\/v3\/brecha-digital-de-genero-transformacion-digital-e-inteligencia-artificial-una-mirada-desde-chile\/#article\",\"isPartOf\":{\"@id\":\"https:\/\/samtecno.cl\/v3\/brecha-digital-de-genero-transformacion-digital-e-inteligencia-artificial-una-mirada-desde-chile\/\"},\"author\":{\"name\":\"Sergio Araya\",\"@id\":\"https:\/\/samtecno.cl\/v3\/#\/schema\/person\/b1d3efe91aed151a7b7bd863d5085417\"},\"headline\":\"Brecha Digital de G\u00e9nero, Transformaci\u00f3n Digital e Inteligencia Artificial: Una mirada desde Chile\",\"datePublished\":\"2025-07-22T16:45:09+00:00\",\"dateModified\":\"2025-07-22T16:45:10+00:00\",\"mainEntityOfPage\":{\"@id\":\"https:\/\/samtecno.cl\/v3\/brecha-digital-de-genero-transformacion-digital-e-inteligencia-artificial-una-mirada-desde-chile\/\"},\"wordCount\":728,\"commentCount\":0,\"publisher\":{\"@id\":\"https:\/\/samtecno.cl\/v3\/#organization\"},\"image\":{\"@id\":\"https:\/\/samtecno.cl\/v3\/brecha-digital-de-genero-transformacion-digital-e-inteligencia-artificial-una-mirada-desde-chile\/#primaryimage\"},\"thumbnailUrl\":\"https:\/\/observatoriotransformaciondigital.cl\/wp-content\/uploads\/2025\/06\/image.png\",\"articleSection\":[\"Insights\"],\"inLanguage\":\"es-CL\",\"potentialAction\":[{\"@type\":\"CommentAction\",\"name\":\"Comment\",\"target\":[\"https:\/\/samtecno.cl\/v3\/brecha-digital-de-genero-transformacion-digital-e-inteligencia-artificial-una-mirada-desde-chile\/#respond\"]}]},{\"@type\":\"WebPage\",\"@id\":\"https:\/\/samtecno.cl\/v3\/brecha-digital-de-genero-transformacion-digital-e-inteligencia-artificial-una-mirada-desde-chile\/\",\"url\":\"https:\/\/samtecno.cl\/v3\/brecha-digital-de-genero-transformacion-digital-e-inteligencia-artificial-una-mirada-desde-chile\/\",\"name\":\"Brecha Digital de G\u00e9nero, Transformaci\u00f3n Digital e Inteligencia Artificial: Una mirada desde Chile - SAMTECNO\",\"isPartOf\":{\"@id\":\"https:\/\/samtecno.cl\/v3\/#website\"},\"primaryImageOfPage\":{\"@id\":\"https:\/\/samtecno.cl\/v3\/brecha-digital-de-genero-transformacion-digital-e-inteligencia-artificial-una-mirada-desde-chile\/#primaryimage\"},\"image\":{\"@id\":\"https:\/\/samtecno.cl\/v3\/brecha-digital-de-genero-transformacion-digital-e-inteligencia-artificial-una-mirada-desde-chile\/#primaryimage\"},\"thumbnailUrl\":\"https:\/\/observatoriotransformaciondigital.cl\/wp-content\/uploads\/2025\/06\/image.png\",\"datePublished\":\"2025-07-22T16:45:09+00:00\",\"dateModified\":\"2025-07-22T16:45:10+00:00\",\"breadcrumb\":{\"@id\":\"https:\/\/samtecno.cl\/v3\/brecha-digital-de-genero-transformacion-digital-e-inteligencia-artificial-una-mirada-desde-chile\/#breadcrumb\"},\"inLanguage\":\"es-CL\",\"potentialAction\":[{\"@type\":\"ReadAction\",\"target\":[\"https:\/\/samtecno.cl\/v3\/brecha-digital-de-genero-transformacion-digital-e-inteligencia-artificial-una-mirada-desde-chile\/\"]}]},{\"@type\":\"ImageObject\",\"inLanguage\":\"es-CL\",\"@id\":\"https:\/\/samtecno.cl\/v3\/brecha-digital-de-genero-transformacion-digital-e-inteligencia-artificial-una-mirada-desde-chile\/#primaryimage\",\"url\":\"https:\/\/observatoriotransformaciondigital.cl\/wp-content\/uploads\/2025\/06\/image.png\",\"contentUrl\":\"https:\/\/observatoriotransformaciondigital.cl\/wp-content\/uploads\/2025\/06\/image.png\"},{\"@type\":\"BreadcrumbList\",\"@id\":\"https:\/\/samtecno.cl\/v3\/brecha-digital-de-genero-transformacion-digital-e-inteligencia-artificial-una-mirada-desde-chile\/#breadcrumb\",\"itemListElement\":[{\"@type\":\"ListItem\",\"position\":1,\"name\":\"Portada\",\"item\":\"https:\/\/samtecno.cl\/v3\/\"},{\"@type\":\"ListItem\",\"position\":2,\"name\":\"Brecha Digital de G\u00e9nero, Transformaci\u00f3n Digital e Inteligencia Artificial: Una mirada desde Chile\"}]},{\"@type\":\"WebSite\",\"@id\":\"https:\/\/samtecno.cl\/v3\/#website\",\"url\":\"https:\/\/samtecno.cl\/v3\/\",\"name\":\"SAMTECNO\",\"description\":\"SAMTECNO  es una empresa de capitales chilenos con foco en el  desarrollo de tecnolog\u00edas , Ingenier\u00eda  y de procesos de  negocio, que busca la diferenciaci\u00f3n con sus clientes a trav\u00e9s de  la entrega de un servicio de alta calidad y vanguardia en los  desarrollos y productos que ofrecemos\",\"publisher\":{\"@id\":\"https:\/\/samtecno.cl\/v3\/#organization\"},\"potentialAction\":[{\"@type\":\"SearchAction\",\"target\":{\"@type\":\"EntryPoint\",\"urlTemplate\":\"https:\/\/samtecno.cl\/v3\/?s={search_term_string}\"},\"query-input\":{\"@type\":\"PropertyValueSpecification\",\"valueRequired\":true,\"valueName\":\"search_term_string\"}}],\"inLanguage\":\"es-CL\"},{\"@type\":\"Organization\",\"@id\":\"https:\/\/samtecno.cl\/v3\/#organization\",\"name\":\"SAMTECNO\",\"url\":\"https:\/\/samtecno.cl\/v3\/\",\"logo\":{\"@type\":\"ImageObject\",\"inLanguage\":\"es-CL\",\"@id\":\"https:\/\/samtecno.cl\/v3\/#\/schema\/logo\/image\/\",\"url\":\"https:\/\/samtecno.cl\/v3\/wp-content\/uploads\/2025\/01\/cropped-logo_SAMTECNO_Black-e1738188650290.jpg\",\"contentUrl\":\"https:\/\/samtecno.cl\/v3\/wp-content\/uploads\/2025\/01\/cropped-logo_SAMTECNO_Black-e1738188650290.jpg\",\"width\":512,\"height\":512,\"caption\":\"SAMTECNO\"},\"image\":{\"@id\":\"https:\/\/samtecno.cl\/v3\/#\/schema\/logo\/image\/\"}},{\"@type\":\"Person\",\"@id\":\"https:\/\/samtecno.cl\/v3\/#\/schema\/person\/b1d3efe91aed151a7b7bd863d5085417\",\"name\":\"Sergio Araya\",\"image\":{\"@type\":\"ImageObject\",\"inLanguage\":\"es-CL\",\"@id\":\"https:\/\/samtecno.cl\/v3\/#\/schema\/person\/image\/\",\"url\":\"https:\/\/secure.gravatar.com\/avatar\/b0ef0759061bd8440b96db72f218f0a44c07e6dd00a23be29872a6bdeb297aeb?s=96&d=mm&r=g\",\"contentUrl\":\"https:\/\/secure.gravatar.com\/avatar\/b0ef0759061bd8440b96db72f218f0a44c07e6dd00a23be29872a6bdeb297aeb?s=96&d=mm&r=g\",\"caption\":\"Sergio Araya\"},\"url\":\"https:\/\/samtecno.cl\/v3\/author\/saraya\/\"}]}<\/script>\n<!-- \/ Yoast SEO plugin. -->","yoast_head_json":{"title":"Brecha Digital de G\u00e9nero, Transformaci\u00f3n Digital e Inteligencia Artificial: Una mirada desde Chile - SAMTECNO","robots":{"index":"index","follow":"follow","max-snippet":"max-snippet:-1","max-image-preview":"max-image-preview:large","max-video-preview":"max-video-preview:-1"},"canonical":"https:\/\/samtecno.cl\/v3\/brecha-digital-de-genero-transformacion-digital-e-inteligencia-artificial-una-mirada-desde-chile\/","og_locale":"es_ES","og_type":"article","og_title":"Brecha Digital de G\u00e9nero, Transformaci\u00f3n Digital e Inteligencia Artificial: Una mirada desde Chile - SAMTECNO","og_description":"Cuando hablamos de transformaci\u00f3n digital, muchas veces pensamos en tecnolog\u00eda, plataformas y automatizaci\u00f3n. Pero en realidad, la verdadera transformaci\u00f3n digital tiene que ver con&nbsp;personas, cultura y prop\u00f3sito. Es el proceso por el cual las organizaciones, p\u00fablicas o privadas, adaptan su forma de operar y tomar decisiones mediante el uso de tecnolog\u00edas digitales, para generar mayor [&hellip;]","og_url":"https:\/\/samtecno.cl\/v3\/brecha-digital-de-genero-transformacion-digital-e-inteligencia-artificial-una-mirada-desde-chile\/","og_site_name":"SAMTECNO","article_published_time":"2025-07-22T16:45:09+00:00","article_modified_time":"2025-07-22T16:45:10+00:00","author":"Sergio Araya","twitter_card":"summary_large_image","twitter_misc":{"Escrito por":"Sergio Araya","Tiempo estimado de lectura":"4 minutos"},"schema":{"@context":"https:\/\/schema.org","@graph":[{"@type":"Article","@id":"https:\/\/samtecno.cl\/v3\/brecha-digital-de-genero-transformacion-digital-e-inteligencia-artificial-una-mirada-desde-chile\/#article","isPartOf":{"@id":"https:\/\/samtecno.cl\/v3\/brecha-digital-de-genero-transformacion-digital-e-inteligencia-artificial-una-mirada-desde-chile\/"},"author":{"name":"Sergio Araya","@id":"https:\/\/samtecno.cl\/v3\/#\/schema\/person\/b1d3efe91aed151a7b7bd863d5085417"},"headline":"Brecha Digital de G\u00e9nero, Transformaci\u00f3n Digital e Inteligencia Artificial: Una mirada desde Chile","datePublished":"2025-07-22T16:45:09+00:00","dateModified":"2025-07-22T16:45:10+00:00","mainEntityOfPage":{"@id":"https:\/\/samtecno.cl\/v3\/brecha-digital-de-genero-transformacion-digital-e-inteligencia-artificial-una-mirada-desde-chile\/"},"wordCount":728,"commentCount":0,"publisher":{"@id":"https:\/\/samtecno.cl\/v3\/#organization"},"image":{"@id":"https:\/\/samtecno.cl\/v3\/brecha-digital-de-genero-transformacion-digital-e-inteligencia-artificial-una-mirada-desde-chile\/#primaryimage"},"thumbnailUrl":"https:\/\/observatoriotransformaciondigital.cl\/wp-content\/uploads\/2025\/06\/image.png","articleSection":["Insights"],"inLanguage":"es-CL","potentialAction":[{"@type":"CommentAction","name":"Comment","target":["https:\/\/samtecno.cl\/v3\/brecha-digital-de-genero-transformacion-digital-e-inteligencia-artificial-una-mirada-desde-chile\/#respond"]}]},{"@type":"WebPage","@id":"https:\/\/samtecno.cl\/v3\/brecha-digital-de-genero-transformacion-digital-e-inteligencia-artificial-una-mirada-desde-chile\/","url":"https:\/\/samtecno.cl\/v3\/brecha-digital-de-genero-transformacion-digital-e-inteligencia-artificial-una-mirada-desde-chile\/","name":"Brecha Digital de G\u00e9nero, Transformaci\u00f3n Digital e Inteligencia Artificial: Una mirada desde Chile - SAMTECNO","isPartOf":{"@id":"https:\/\/samtecno.cl\/v3\/#website"},"primaryImageOfPage":{"@id":"https:\/\/samtecno.cl\/v3\/brecha-digital-de-genero-transformacion-digital-e-inteligencia-artificial-una-mirada-desde-chile\/#primaryimage"},"image":{"@id":"https:\/\/samtecno.cl\/v3\/brecha-digital-de-genero-transformacion-digital-e-inteligencia-artificial-una-mirada-desde-chile\/#primaryimage"},"thumbnailUrl":"https:\/\/observatoriotransformaciondigital.cl\/wp-content\/uploads\/2025\/06\/image.png","datePublished":"2025-07-22T16:45:09+00:00","dateModified":"2025-07-22T16:45:10+00:00","breadcrumb":{"@id":"https:\/\/samtecno.cl\/v3\/brecha-digital-de-genero-transformacion-digital-e-inteligencia-artificial-una-mirada-desde-chile\/#breadcrumb"},"inLanguage":"es-CL","potentialAction":[{"@type":"ReadAction","target":["https:\/\/samtecno.cl\/v3\/brecha-digital-de-genero-transformacion-digital-e-inteligencia-artificial-una-mirada-desde-chile\/"]}]},{"@type":"ImageObject","inLanguage":"es-CL","@id":"https:\/\/samtecno.cl\/v3\/brecha-digital-de-genero-transformacion-digital-e-inteligencia-artificial-una-mirada-desde-chile\/#primaryimage","url":"https:\/\/observatoriotransformaciondigital.cl\/wp-content\/uploads\/2025\/06\/image.png","contentUrl":"https:\/\/observatoriotransformaciondigital.cl\/wp-content\/uploads\/2025\/06\/image.png"},{"@type":"BreadcrumbList","@id":"https:\/\/samtecno.cl\/v3\/brecha-digital-de-genero-transformacion-digital-e-inteligencia-artificial-una-mirada-desde-chile\/#breadcrumb","itemListElement":[{"@type":"ListItem","position":1,"name":"Portada","item":"https:\/\/samtecno.cl\/v3\/"},{"@type":"ListItem","position":2,"name":"Brecha Digital de G\u00e9nero, Transformaci\u00f3n Digital e Inteligencia Artificial: Una mirada desde Chile"}]},{"@type":"WebSite","@id":"https:\/\/samtecno.cl\/v3\/#website","url":"https:\/\/samtecno.cl\/v3\/","name":"SAMTECNO","description":"SAMTECNO  es una empresa de capitales chilenos con foco en el  desarrollo de tecnolog\u00edas , Ingenier\u00eda  y de procesos de  negocio, que busca la diferenciaci\u00f3n con sus clientes a trav\u00e9s de  la entrega de un servicio de alta calidad y vanguardia en los  desarrollos y productos que ofrecemos","publisher":{"@id":"https:\/\/samtecno.cl\/v3\/#organization"},"potentialAction":[{"@type":"SearchAction","target":{"@type":"EntryPoint","urlTemplate":"https:\/\/samtecno.cl\/v3\/?s={search_term_string}"},"query-input":{"@type":"PropertyValueSpecification","valueRequired":true,"valueName":"search_term_string"}}],"inLanguage":"es-CL"},{"@type":"Organization","@id":"https:\/\/samtecno.cl\/v3\/#organization","name":"SAMTECNO","url":"https:\/\/samtecno.cl\/v3\/","logo":{"@type":"ImageObject","inLanguage":"es-CL","@id":"https:\/\/samtecno.cl\/v3\/#\/schema\/logo\/image\/","url":"https:\/\/samtecno.cl\/v3\/wp-content\/uploads\/2025\/01\/cropped-logo_SAMTECNO_Black-e1738188650290.jpg","contentUrl":"https:\/\/samtecno.cl\/v3\/wp-content\/uploads\/2025\/01\/cropped-logo_SAMTECNO_Black-e1738188650290.jpg","width":512,"height":512,"caption":"SAMTECNO"},"image":{"@id":"https:\/\/samtecno.cl\/v3\/#\/schema\/logo\/image\/"}},{"@type":"Person","@id":"https:\/\/samtecno.cl\/v3\/#\/schema\/person\/b1d3efe91aed151a7b7bd863d5085417","name":"Sergio Araya","image":{"@type":"ImageObject","inLanguage":"es-CL","@id":"https:\/\/samtecno.cl\/v3\/#\/schema\/person\/image\/","url":"https:\/\/secure.gravatar.com\/avatar\/b0ef0759061bd8440b96db72f218f0a44c07e6dd00a23be29872a6bdeb297aeb?s=96&d=mm&r=g","contentUrl":"https:\/\/secure.gravatar.com\/avatar\/b0ef0759061bd8440b96db72f218f0a44c07e6dd00a23be29872a6bdeb297aeb?s=96&d=mm&r=g","caption":"Sergio Araya"},"url":"https:\/\/samtecno.cl\/v3\/author\/saraya\/"}]}},"jetpack_featured_media_url":"","_links":{"self":[{"href":"https:\/\/samtecno.cl\/v3\/wp-json\/wp\/v2\/posts\/458","targetHints":{"allow":["GET"]}}],"collection":[{"href":"https:\/\/samtecno.cl\/v3\/wp-json\/wp\/v2\/posts"}],"about":[{"href":"https:\/\/samtecno.cl\/v3\/wp-json\/wp\/v2\/types\/post"}],"author":[{"embeddable":true,"href":"https:\/\/samtecno.cl\/v3\/wp-json\/wp\/v2\/users\/2"}],"replies":[{"embeddable":true,"href":"https:\/\/samtecno.cl\/v3\/wp-json\/wp\/v2\/comments?post=458"}],"version-history":[{"count":1,"href":"https:\/\/samtecno.cl\/v3\/wp-json\/wp\/v2\/posts\/458\/revisions"}],"predecessor-version":[{"id":459,"href":"https:\/\/samtecno.cl\/v3\/wp-json\/wp\/v2\/posts\/458\/revisions\/459"}],"wp:attachment":[{"href":"https:\/\/samtecno.cl\/v3\/wp-json\/wp\/v2\/media?parent=458"}],"wp:term":[{"taxonomy":"category","embeddable":true,"href":"https:\/\/samtecno.cl\/v3\/wp-json\/wp\/v2\/categories?post=458"},{"taxonomy":"post_tag","embeddable":true,"href":"https:\/\/samtecno.cl\/v3\/wp-json\/wp\/v2\/tags?post=458"}],"curies":[{"name":"wp","href":"https:\/\/api.w.org\/{rel}","templated":true}]}}