{"id":460,"date":"2025-07-22T19:49:19","date_gmt":"2025-07-22T16:49:19","guid":{"rendered":"https:\/\/samtecno.cl\/v3\/?p=460"},"modified":"2025-07-22T19:49:20","modified_gmt":"2025-07-22T16:49:20","slug":"agile-no-esta-muerto-pero-lo-estan-matando-los-agilistas","status":"publish","type":"post","link":"https:\/\/samtecno.cl\/v3\/agile-no-esta-muerto-pero-lo-estan-matando-los-agilistas\/","title":{"rendered":"Agile no est\u00e1 muerto, pero lo est\u00e1n matando los \u201cAgilistas\u201d"},"content":{"rendered":"\n<h5 class=\"wp-block-heading\">&nbsp;<a href=\"https:\/\/sergioaraya.cl\/index.php\/2024\/12\/03\/agile-no-esta-muerto-pero-lo-estan-matando-los-agilistas\/\"><time datetime=\"2024-12-03T12:56:34+00:00\">12\/03\/2024&nbsp;<\/time><\/a>&nbsp;<a href=\"https:\/\/sergioaraya.cl\/index.php\/author\/drxva7qqcb\/\">Sergio Araya<\/a><\/h5>\n\n\n\n<p>Desde el a\u00f1o 2019, una de las frases que m\u00e1s suelo repetir en los entornos donde implemento&nbsp;<strong>Transformaci\u00f3n Digital<\/strong>&nbsp;es:&nbsp;<em>\u201cEl #Agile lo est\u00e1n matando los #Agilistas\u201d<\/em>. Aunque puede sonar provocador, detr\u00e1s de estas palabras hay una reflexi\u00f3n profunda sobre c\u00f3mo se est\u00e1 entendiendo y aplicando esta metodolog\u00eda en los proyectos actuales.<\/p>\n\n\n\n<h4 class=\"wp-block-heading\"><strong>Ceremonias, flexibilidad y sentido com\u00fan<\/strong><\/h4>\n\n\n\n<p>Cuando me refiero a que el Agile est\u00e1 siendo mal utilizado, no es por la metodolog\u00eda en s\u00ed, sino por la manera r\u00edgida en que algunos la interpretan. He visto c\u00f3mo las ceremonias y las herramientas se han convertido en una \u201cbiblia\u201d que se sigue al pie de la letra, perdiendo el enfoque en el verdadero prop\u00f3sito: adaptarnos y entregar valor real a los proyectos.<\/p>\n\n\n\n<p>Esta rigidez nos lleva a repetir patrones similares al&nbsp;<strong>Waterfall<\/strong>, donde seguimos una carta gantt disfrazada de sprints. Se olvida lo m\u00e1s importante del Agile:&nbsp;<strong>flexibilidad y aprendizaje continuo<\/strong>. Esto sucede, en gran parte, porque no se respeta el principio de \u201cno m\u00e1s HIPPO\u201d (<em>Highest Paid Person\u2019s Opinion<\/em>), donde las decisiones se toman bas\u00e1ndose en el conocimiento colectivo y no en jerarqu\u00edas.<\/p>\n\n\n\n<h4 class=\"wp-block-heading\"><strong>Agile, Waterfall, Lean: ninguna metodolog\u00eda est\u00e1 \u201cmuerta\u201d<\/strong><\/h4>\n\n\n\n<p>Desde que comenc\u00e9 mi camino en&nbsp;<strong>Agile<\/strong>, siempre me fascin\u00f3 la forma de trabajo colaborativa y adaptativa que promov\u00eda. Cuando tuve la oportunidad de trabajar en multinacionales de Agilidad junto a referentes , me convenc\u00ed de que este mundo era hermoso y lleno de posibilidades. Pero con el tiempo, al implementar transformaciones digitales en Am\u00e9rica Latina, me di cuenta de que no existen metodolog\u00edas m\u00e1gicas.<\/p>\n\n\n\n<p>Ni&nbsp;<strong>Agile<\/strong>, ni&nbsp;<strong>Waterfall<\/strong>, ni&nbsp;<strong>Lean<\/strong>&nbsp;est\u00e1n muertos. El problema radica en quienes creen que una sola metodolog\u00eda es la respuesta para todo. Este pensamiento r\u00edgido demuestra que seguimos sin comprender la naturaleza de un mundo tan&nbsp;<strong>VUCA<\/strong>&nbsp;(Vol\u00e1til, Incierto, Complejo y Ambiguo) como el actual. La clave no es adherirnos ciegamente a una metodolog\u00eda, sino entender el contexto del proyecto y construir soluciones adaptadas a sus necesidades espec\u00edficas.<\/p>\n\n\n\n<h4 class=\"wp-block-heading\"><strong>Construyendo puentes hacia una revoluci\u00f3n digital<\/strong><\/h4>\n\n\n\n<p>En 2015, cuando tuve que hacer la transici\u00f3n de&nbsp;<strong>Waterfall<\/strong>&nbsp;a&nbsp;<strong>Agile<\/strong>&nbsp;en mis proyectos, cre\u00e9 la charla&nbsp;<strong>\u201cConstruyendo puentes hacia una revoluci\u00f3n digital\u201d<\/strong>. Esta experiencia me ense\u00f1\u00f3 que la transformaci\u00f3n digital no es solo un cambio de procesos, sino una revoluci\u00f3n cultural. Sin embargo, sigo viendo que, hasta la fecha, el mayor desaf\u00edo de Agile es la existencia de \u201cvendedores de humo\u201d que promueven esta metodolog\u00eda como una panacea universal.<\/p>\n\n\n\n<p>Es aqu\u00ed donde entra mi analog\u00eda de los d\u00f3lares:&nbsp;<em>\u201cEs m\u00e1s cool hablar de USD que de pesos\u201d<\/em>. Muchas veces, el marketing detr\u00e1s de Agile se centra en lo atractivo de las palabras y las herramientas, pero olvida que el verdadero \u00e9xito de cualquier metodolog\u00eda radica en su implementaci\u00f3n pr\u00e1ctica y contextualizada.<\/p>\n\n\n\n<h4 class=\"wp-block-heading\"><strong>El futuro de Agile en un mundo VUCA<\/strong><\/h4>\n\n\n\n<p>Agile no est\u00e1 muerto, pero corre el riesgo de convertirse en un clich\u00e9 si seguimos aplic\u00e1ndolo de manera r\u00edgida y dogm\u00e1tica. Debemos alejarnos de los extremos y adoptar un enfoque pragm\u00e1tico: tomar lo mejor de cada metodolog\u00eda y adaptarlo a las necesidades espec\u00edficas de los proyectos y equipos.<\/p>\n\n\n\n<p>Si seguimos creyendo que una metodolog\u00eda es la soluci\u00f3n para todo, estaremos fallando en entender las din\u00e1micas de este mundo tan VUCA. Por eso, mi invitaci\u00f3n es a construir puentes, fomentar la flexibilidad y, sobre todo, recordar que las metodolog\u00edas son herramientas, no objetivos en s\u00ed mismas.<\/p>\n\n\n\n<p>Transformar digitalmente no es f\u00e1cil, pero con un enfoque balanceado, es posible construir verdaderos puentes hacia un futuro innovador y sostenible.<\/p>\n\n\n\n<figure class=\"wp-block-image size-large\"><img loading=\"lazy\" decoding=\"async\" width=\"1024\" height=\"568\" src=\"https:\/\/samtecno.cl\/v3\/wp-content\/uploads\/2025\/07\/image-1024x568.png\" alt=\"\" class=\"wp-image-461\" srcset=\"https:\/\/samtecno.cl\/v3\/wp-content\/uploads\/2025\/07\/image-1024x568.png 1024w, https:\/\/samtecno.cl\/v3\/wp-content\/uploads\/2025\/07\/image-300x166.png 300w, https:\/\/samtecno.cl\/v3\/wp-content\/uploads\/2025\/07\/image-768x426.png 768w, https:\/\/samtecno.cl\/v3\/wp-content\/uploads\/2025\/07\/image.png 1038w\" sizes=\"(max-width: 1024px) 100vw, 1024px\" \/><\/figure>\n","protected":false},"excerpt":{"rendered":"<p>&nbsp;12\/03\/2024&nbsp;&nbsp;Sergio Araya Desde el a\u00f1o 2019, una de las frases que m\u00e1s suelo repetir en los entornos donde implemento&nbsp;Transformaci\u00f3n Digital&nbsp;es:&nbsp;\u201cEl #Agile lo est\u00e1n matando los #Agilistas\u201d. Aunque puede sonar provocador, detr\u00e1s de estas palabras hay una reflexi\u00f3n profunda sobre c\u00f3mo se est\u00e1 entendiendo y aplicando esta metodolog\u00eda en los proyectos actuales. Ceremonias, flexibilidad y sentido [&hellip;]<\/p>\n","protected":false},"author":2,"featured_media":0,"comment_status":"open","ping_status":"open","sticky":false,"template":"","format":"standard","meta":{"saved_in_kubio":false,"_monsterinsights_skip_tracking":false,"_monsterinsights_sitenote_active":false,"_monsterinsights_sitenote_note":"","_monsterinsights_sitenote_category":0,"footnotes":""},"categories":[8],"tags":[],"class_list":["post-460","post","type-post","status-publish","format-standard","hentry","category-insights"],"aioseo_notices":[],"yoast_head":"<!-- This site is optimized with the Yoast SEO plugin v26.8 - https:\/\/yoast.com\/product\/yoast-seo-wordpress\/ -->\n<title>Agile no est\u00e1 muerto, pero lo est\u00e1n matando los \u201cAgilistas\u201d - SAMTECNO<\/title>\n<meta name=\"robots\" content=\"index, follow, max-snippet:-1, max-image-preview:large, max-video-preview:-1\" \/>\n<link rel=\"canonical\" href=\"https:\/\/samtecno.cl\/v3\/agile-no-esta-muerto-pero-lo-estan-matando-los-agilistas\/\" \/>\n<meta property=\"og:locale\" content=\"es_ES\" \/>\n<meta property=\"og:type\" content=\"article\" \/>\n<meta property=\"og:title\" content=\"Agile no est\u00e1 muerto, pero lo est\u00e1n matando los \u201cAgilistas\u201d - SAMTECNO\" \/>\n<meta property=\"og:description\" content=\"&nbsp;12\/03\/2024&nbsp;&nbsp;Sergio Araya Desde el a\u00f1o 2019, una de las frases que m\u00e1s suelo repetir en los entornos donde implemento&nbsp;Transformaci\u00f3n Digital&nbsp;es:&nbsp;\u201cEl #Agile lo est\u00e1n matando los #Agilistas\u201d. Aunque puede sonar provocador, detr\u00e1s de estas palabras hay una reflexi\u00f3n profunda sobre c\u00f3mo se est\u00e1 entendiendo y aplicando esta metodolog\u00eda en los proyectos actuales. Ceremonias, flexibilidad y sentido [&hellip;]\" \/>\n<meta property=\"og:url\" content=\"https:\/\/samtecno.cl\/v3\/agile-no-esta-muerto-pero-lo-estan-matando-los-agilistas\/\" \/>\n<meta property=\"og:site_name\" content=\"SAMTECNO\" \/>\n<meta property=\"article:published_time\" content=\"2025-07-22T16:49:19+00:00\" \/>\n<meta property=\"article:modified_time\" content=\"2025-07-22T16:49:20+00:00\" \/>\n<meta property=\"og:image\" content=\"https:\/\/samtecno.cl\/v3\/wp-content\/uploads\/2025\/07\/image.png\" \/>\n\t<meta property=\"og:image:width\" content=\"1038\" \/>\n\t<meta property=\"og:image:height\" content=\"576\" \/>\n\t<meta property=\"og:image:type\" content=\"image\/png\" \/>\n<meta name=\"author\" content=\"Sergio Araya\" \/>\n<meta name=\"twitter:card\" content=\"summary_large_image\" \/>\n<meta name=\"twitter:label1\" content=\"Escrito por\" \/>\n\t<meta name=\"twitter:data1\" content=\"Sergio Araya\" \/>\n\t<meta name=\"twitter:label2\" content=\"Tiempo estimado de lectura\" \/>\n\t<meta name=\"twitter:data2\" content=\"3 minutos\" \/>\n<script type=\"application\/ld+json\" class=\"yoast-schema-graph\">{\"@context\":\"https:\/\/schema.org\",\"@graph\":[{\"@type\":\"Article\",\"@id\":\"https:\/\/samtecno.cl\/v3\/agile-no-esta-muerto-pero-lo-estan-matando-los-agilistas\/#article\",\"isPartOf\":{\"@id\":\"https:\/\/samtecno.cl\/v3\/agile-no-esta-muerto-pero-lo-estan-matando-los-agilistas\/\"},\"author\":{\"name\":\"Sergio Araya\",\"@id\":\"https:\/\/samtecno.cl\/v3\/#\/schema\/person\/b1d3efe91aed151a7b7bd863d5085417\"},\"headline\":\"Agile no est\u00e1 muerto, pero lo est\u00e1n matando los \u201cAgilistas\u201d\",\"datePublished\":\"2025-07-22T16:49:19+00:00\",\"dateModified\":\"2025-07-22T16:49:20+00:00\",\"mainEntityOfPage\":{\"@id\":\"https:\/\/samtecno.cl\/v3\/agile-no-esta-muerto-pero-lo-estan-matando-los-agilistas\/\"},\"wordCount\":664,\"commentCount\":0,\"publisher\":{\"@id\":\"https:\/\/samtecno.cl\/v3\/#organization\"},\"image\":{\"@id\":\"https:\/\/samtecno.cl\/v3\/agile-no-esta-muerto-pero-lo-estan-matando-los-agilistas\/#primaryimage\"},\"thumbnailUrl\":\"https:\/\/samtecno.cl\/v3\/wp-content\/uploads\/2025\/07\/image-1024x568.png\",\"articleSection\":[\"Insights\"],\"inLanguage\":\"es-CL\",\"potentialAction\":[{\"@type\":\"CommentAction\",\"name\":\"Comment\",\"target\":[\"https:\/\/samtecno.cl\/v3\/agile-no-esta-muerto-pero-lo-estan-matando-los-agilistas\/#respond\"]}]},{\"@type\":\"WebPage\",\"@id\":\"https:\/\/samtecno.cl\/v3\/agile-no-esta-muerto-pero-lo-estan-matando-los-agilistas\/\",\"url\":\"https:\/\/samtecno.cl\/v3\/agile-no-esta-muerto-pero-lo-estan-matando-los-agilistas\/\",\"name\":\"Agile no est\u00e1 muerto, pero lo est\u00e1n matando los \u201cAgilistas\u201d - SAMTECNO\",\"isPartOf\":{\"@id\":\"https:\/\/samtecno.cl\/v3\/#website\"},\"primaryImageOfPage\":{\"@id\":\"https:\/\/samtecno.cl\/v3\/agile-no-esta-muerto-pero-lo-estan-matando-los-agilistas\/#primaryimage\"},\"image\":{\"@id\":\"https:\/\/samtecno.cl\/v3\/agile-no-esta-muerto-pero-lo-estan-matando-los-agilistas\/#primaryimage\"},\"thumbnailUrl\":\"https:\/\/samtecno.cl\/v3\/wp-content\/uploads\/2025\/07\/image-1024x568.png\",\"datePublished\":\"2025-07-22T16:49:19+00:00\",\"dateModified\":\"2025-07-22T16:49:20+00:00\",\"breadcrumb\":{\"@id\":\"https:\/\/samtecno.cl\/v3\/agile-no-esta-muerto-pero-lo-estan-matando-los-agilistas\/#breadcrumb\"},\"inLanguage\":\"es-CL\",\"potentialAction\":[{\"@type\":\"ReadAction\",\"target\":[\"https:\/\/samtecno.cl\/v3\/agile-no-esta-muerto-pero-lo-estan-matando-los-agilistas\/\"]}]},{\"@type\":\"ImageObject\",\"inLanguage\":\"es-CL\",\"@id\":\"https:\/\/samtecno.cl\/v3\/agile-no-esta-muerto-pero-lo-estan-matando-los-agilistas\/#primaryimage\",\"url\":\"https:\/\/samtecno.cl\/v3\/wp-content\/uploads\/2025\/07\/image.png\",\"contentUrl\":\"https:\/\/samtecno.cl\/v3\/wp-content\/uploads\/2025\/07\/image.png\",\"width\":1038,\"height\":576},{\"@type\":\"BreadcrumbList\",\"@id\":\"https:\/\/samtecno.cl\/v3\/agile-no-esta-muerto-pero-lo-estan-matando-los-agilistas\/#breadcrumb\",\"itemListElement\":[{\"@type\":\"ListItem\",\"position\":1,\"name\":\"Portada\",\"item\":\"https:\/\/samtecno.cl\/v3\/\"},{\"@type\":\"ListItem\",\"position\":2,\"name\":\"Agile no est\u00e1 muerto, pero lo est\u00e1n matando los \u201cAgilistas\u201d\"}]},{\"@type\":\"WebSite\",\"@id\":\"https:\/\/samtecno.cl\/v3\/#website\",\"url\":\"https:\/\/samtecno.cl\/v3\/\",\"name\":\"SAMTECNO\",\"description\":\"SAMTECNO  es una empresa de capitales chilenos con foco en el  desarrollo de tecnolog\u00edas , Ingenier\u00eda  y de procesos de  negocio, que busca la diferenciaci\u00f3n con sus clientes a trav\u00e9s de  la entrega de un servicio de alta calidad y vanguardia en los  desarrollos y productos que ofrecemos\",\"publisher\":{\"@id\":\"https:\/\/samtecno.cl\/v3\/#organization\"},\"potentialAction\":[{\"@type\":\"SearchAction\",\"target\":{\"@type\":\"EntryPoint\",\"urlTemplate\":\"https:\/\/samtecno.cl\/v3\/?s={search_term_string}\"},\"query-input\":{\"@type\":\"PropertyValueSpecification\",\"valueRequired\":true,\"valueName\":\"search_term_string\"}}],\"inLanguage\":\"es-CL\"},{\"@type\":\"Organization\",\"@id\":\"https:\/\/samtecno.cl\/v3\/#organization\",\"name\":\"SAMTECNO\",\"url\":\"https:\/\/samtecno.cl\/v3\/\",\"logo\":{\"@type\":\"ImageObject\",\"inLanguage\":\"es-CL\",\"@id\":\"https:\/\/samtecno.cl\/v3\/#\/schema\/logo\/image\/\",\"url\":\"https:\/\/samtecno.cl\/v3\/wp-content\/uploads\/2025\/01\/cropped-logo_SAMTECNO_Black-e1738188650290.jpg\",\"contentUrl\":\"https:\/\/samtecno.cl\/v3\/wp-content\/uploads\/2025\/01\/cropped-logo_SAMTECNO_Black-e1738188650290.jpg\",\"width\":512,\"height\":512,\"caption\":\"SAMTECNO\"},\"image\":{\"@id\":\"https:\/\/samtecno.cl\/v3\/#\/schema\/logo\/image\/\"}},{\"@type\":\"Person\",\"@id\":\"https:\/\/samtecno.cl\/v3\/#\/schema\/person\/b1d3efe91aed151a7b7bd863d5085417\",\"name\":\"Sergio Araya\",\"image\":{\"@type\":\"ImageObject\",\"inLanguage\":\"es-CL\",\"@id\":\"https:\/\/samtecno.cl\/v3\/#\/schema\/person\/image\/\",\"url\":\"https:\/\/secure.gravatar.com\/avatar\/b0ef0759061bd8440b96db72f218f0a44c07e6dd00a23be29872a6bdeb297aeb?s=96&d=mm&r=g\",\"contentUrl\":\"https:\/\/secure.gravatar.com\/avatar\/b0ef0759061bd8440b96db72f218f0a44c07e6dd00a23be29872a6bdeb297aeb?s=96&d=mm&r=g\",\"caption\":\"Sergio Araya\"},\"url\":\"https:\/\/samtecno.cl\/v3\/author\/saraya\/\"}]}<\/script>\n<!-- \/ Yoast SEO plugin. -->","yoast_head_json":{"title":"Agile no est\u00e1 muerto, pero lo est\u00e1n matando los \u201cAgilistas\u201d - SAMTECNO","robots":{"index":"index","follow":"follow","max-snippet":"max-snippet:-1","max-image-preview":"max-image-preview:large","max-video-preview":"max-video-preview:-1"},"canonical":"https:\/\/samtecno.cl\/v3\/agile-no-esta-muerto-pero-lo-estan-matando-los-agilistas\/","og_locale":"es_ES","og_type":"article","og_title":"Agile no est\u00e1 muerto, pero lo est\u00e1n matando los \u201cAgilistas\u201d - SAMTECNO","og_description":"&nbsp;12\/03\/2024&nbsp;&nbsp;Sergio Araya Desde el a\u00f1o 2019, una de las frases que m\u00e1s suelo repetir en los entornos donde implemento&nbsp;Transformaci\u00f3n Digital&nbsp;es:&nbsp;\u201cEl #Agile lo est\u00e1n matando los #Agilistas\u201d. Aunque puede sonar provocador, detr\u00e1s de estas palabras hay una reflexi\u00f3n profunda sobre c\u00f3mo se est\u00e1 entendiendo y aplicando esta metodolog\u00eda en los proyectos actuales. Ceremonias, flexibilidad y sentido [&hellip;]","og_url":"https:\/\/samtecno.cl\/v3\/agile-no-esta-muerto-pero-lo-estan-matando-los-agilistas\/","og_site_name":"SAMTECNO","article_published_time":"2025-07-22T16:49:19+00:00","article_modified_time":"2025-07-22T16:49:20+00:00","og_image":[{"width":1038,"height":576,"url":"https:\/\/samtecno.cl\/v3\/wp-content\/uploads\/2025\/07\/image.png","type":"image\/png"}],"author":"Sergio Araya","twitter_card":"summary_large_image","twitter_misc":{"Escrito por":"Sergio Araya","Tiempo estimado de lectura":"3 minutos"},"schema":{"@context":"https:\/\/schema.org","@graph":[{"@type":"Article","@id":"https:\/\/samtecno.cl\/v3\/agile-no-esta-muerto-pero-lo-estan-matando-los-agilistas\/#article","isPartOf":{"@id":"https:\/\/samtecno.cl\/v3\/agile-no-esta-muerto-pero-lo-estan-matando-los-agilistas\/"},"author":{"name":"Sergio Araya","@id":"https:\/\/samtecno.cl\/v3\/#\/schema\/person\/b1d3efe91aed151a7b7bd863d5085417"},"headline":"Agile no est\u00e1 muerto, pero lo est\u00e1n matando los \u201cAgilistas\u201d","datePublished":"2025-07-22T16:49:19+00:00","dateModified":"2025-07-22T16:49:20+00:00","mainEntityOfPage":{"@id":"https:\/\/samtecno.cl\/v3\/agile-no-esta-muerto-pero-lo-estan-matando-los-agilistas\/"},"wordCount":664,"commentCount":0,"publisher":{"@id":"https:\/\/samtecno.cl\/v3\/#organization"},"image":{"@id":"https:\/\/samtecno.cl\/v3\/agile-no-esta-muerto-pero-lo-estan-matando-los-agilistas\/#primaryimage"},"thumbnailUrl":"https:\/\/samtecno.cl\/v3\/wp-content\/uploads\/2025\/07\/image-1024x568.png","articleSection":["Insights"],"inLanguage":"es-CL","potentialAction":[{"@type":"CommentAction","name":"Comment","target":["https:\/\/samtecno.cl\/v3\/agile-no-esta-muerto-pero-lo-estan-matando-los-agilistas\/#respond"]}]},{"@type":"WebPage","@id":"https:\/\/samtecno.cl\/v3\/agile-no-esta-muerto-pero-lo-estan-matando-los-agilistas\/","url":"https:\/\/samtecno.cl\/v3\/agile-no-esta-muerto-pero-lo-estan-matando-los-agilistas\/","name":"Agile no est\u00e1 muerto, pero lo est\u00e1n matando los \u201cAgilistas\u201d - SAMTECNO","isPartOf":{"@id":"https:\/\/samtecno.cl\/v3\/#website"},"primaryImageOfPage":{"@id":"https:\/\/samtecno.cl\/v3\/agile-no-esta-muerto-pero-lo-estan-matando-los-agilistas\/#primaryimage"},"image":{"@id":"https:\/\/samtecno.cl\/v3\/agile-no-esta-muerto-pero-lo-estan-matando-los-agilistas\/#primaryimage"},"thumbnailUrl":"https:\/\/samtecno.cl\/v3\/wp-content\/uploads\/2025\/07\/image-1024x568.png","datePublished":"2025-07-22T16:49:19+00:00","dateModified":"2025-07-22T16:49:20+00:00","breadcrumb":{"@id":"https:\/\/samtecno.cl\/v3\/agile-no-esta-muerto-pero-lo-estan-matando-los-agilistas\/#breadcrumb"},"inLanguage":"es-CL","potentialAction":[{"@type":"ReadAction","target":["https:\/\/samtecno.cl\/v3\/agile-no-esta-muerto-pero-lo-estan-matando-los-agilistas\/"]}]},{"@type":"ImageObject","inLanguage":"es-CL","@id":"https:\/\/samtecno.cl\/v3\/agile-no-esta-muerto-pero-lo-estan-matando-los-agilistas\/#primaryimage","url":"https:\/\/samtecno.cl\/v3\/wp-content\/uploads\/2025\/07\/image.png","contentUrl":"https:\/\/samtecno.cl\/v3\/wp-content\/uploads\/2025\/07\/image.png","width":1038,"height":576},{"@type":"BreadcrumbList","@id":"https:\/\/samtecno.cl\/v3\/agile-no-esta-muerto-pero-lo-estan-matando-los-agilistas\/#breadcrumb","itemListElement":[{"@type":"ListItem","position":1,"name":"Portada","item":"https:\/\/samtecno.cl\/v3\/"},{"@type":"ListItem","position":2,"name":"Agile no est\u00e1 muerto, pero lo est\u00e1n matando los \u201cAgilistas\u201d"}]},{"@type":"WebSite","@id":"https:\/\/samtecno.cl\/v3\/#website","url":"https:\/\/samtecno.cl\/v3\/","name":"SAMTECNO","description":"SAMTECNO  es una empresa de capitales chilenos con foco en el  desarrollo de tecnolog\u00edas , Ingenier\u00eda  y de procesos de  negocio, que busca la diferenciaci\u00f3n con sus clientes a trav\u00e9s de  la entrega de un servicio de alta calidad y vanguardia en los  desarrollos y productos que ofrecemos","publisher":{"@id":"https:\/\/samtecno.cl\/v3\/#organization"},"potentialAction":[{"@type":"SearchAction","target":{"@type":"EntryPoint","urlTemplate":"https:\/\/samtecno.cl\/v3\/?s={search_term_string}"},"query-input":{"@type":"PropertyValueSpecification","valueRequired":true,"valueName":"search_term_string"}}],"inLanguage":"es-CL"},{"@type":"Organization","@id":"https:\/\/samtecno.cl\/v3\/#organization","name":"SAMTECNO","url":"https:\/\/samtecno.cl\/v3\/","logo":{"@type":"ImageObject","inLanguage":"es-CL","@id":"https:\/\/samtecno.cl\/v3\/#\/schema\/logo\/image\/","url":"https:\/\/samtecno.cl\/v3\/wp-content\/uploads\/2025\/01\/cropped-logo_SAMTECNO_Black-e1738188650290.jpg","contentUrl":"https:\/\/samtecno.cl\/v3\/wp-content\/uploads\/2025\/01\/cropped-logo_SAMTECNO_Black-e1738188650290.jpg","width":512,"height":512,"caption":"SAMTECNO"},"image":{"@id":"https:\/\/samtecno.cl\/v3\/#\/schema\/logo\/image\/"}},{"@type":"Person","@id":"https:\/\/samtecno.cl\/v3\/#\/schema\/person\/b1d3efe91aed151a7b7bd863d5085417","name":"Sergio Araya","image":{"@type":"ImageObject","inLanguage":"es-CL","@id":"https:\/\/samtecno.cl\/v3\/#\/schema\/person\/image\/","url":"https:\/\/secure.gravatar.com\/avatar\/b0ef0759061bd8440b96db72f218f0a44c07e6dd00a23be29872a6bdeb297aeb?s=96&d=mm&r=g","contentUrl":"https:\/\/secure.gravatar.com\/avatar\/b0ef0759061bd8440b96db72f218f0a44c07e6dd00a23be29872a6bdeb297aeb?s=96&d=mm&r=g","caption":"Sergio Araya"},"url":"https:\/\/samtecno.cl\/v3\/author\/saraya\/"}]}},"jetpack_featured_media_url":"","_links":{"self":[{"href":"https:\/\/samtecno.cl\/v3\/wp-json\/wp\/v2\/posts\/460","targetHints":{"allow":["GET"]}}],"collection":[{"href":"https:\/\/samtecno.cl\/v3\/wp-json\/wp\/v2\/posts"}],"about":[{"href":"https:\/\/samtecno.cl\/v3\/wp-json\/wp\/v2\/types\/post"}],"author":[{"embeddable":true,"href":"https:\/\/samtecno.cl\/v3\/wp-json\/wp\/v2\/users\/2"}],"replies":[{"embeddable":true,"href":"https:\/\/samtecno.cl\/v3\/wp-json\/wp\/v2\/comments?post=460"}],"version-history":[{"count":1,"href":"https:\/\/samtecno.cl\/v3\/wp-json\/wp\/v2\/posts\/460\/revisions"}],"predecessor-version":[{"id":462,"href":"https:\/\/samtecno.cl\/v3\/wp-json\/wp\/v2\/posts\/460\/revisions\/462"}],"wp:attachment":[{"href":"https:\/\/samtecno.cl\/v3\/wp-json\/wp\/v2\/media?parent=460"}],"wp:term":[{"taxonomy":"category","embeddable":true,"href":"https:\/\/samtecno.cl\/v3\/wp-json\/wp\/v2\/categories?post=460"},{"taxonomy":"post_tag","embeddable":true,"href":"https:\/\/samtecno.cl\/v3\/wp-json\/wp\/v2\/tags?post=460"}],"curies":[{"name":"wp","href":"https:\/\/api.w.org\/{rel}","templated":true}]}}