{"id":496,"date":"2025-11-13T04:14:09","date_gmt":"2025-11-13T01:14:09","guid":{"rendered":"https:\/\/samtecno.cl\/v3\/?p=496"},"modified":"2025-11-13T04:18:58","modified_gmt":"2025-11-13T01:18:58","slug":"facilitacion-estrategica-para-una-transformacion-digital-inclusiva-con-enfoque-de-genero","status":"publish","type":"post","link":"https:\/\/samtecno.cl\/v3\/facilitacion-estrategica-para-una-transformacion-digital-inclusiva-con-enfoque-de-genero\/","title":{"rendered":"Facilitaci\u00f3n estrat\u00e9gica para una transformaci\u00f3n digital inclusiva con enfoque de g\u00e9nero"},"content":{"rendered":"\n<p>En el marco del <em>Segundo Seminario de Brecha Digital de G\u00e9nero<\/em>, organizado por una Instituci\u00f3n del estado, ONU Mujeres y el Departamento de Gesti\u00f3n y Pol\u00edticas P\u00fablicas (DGPP) de la USACH, SAMTECNO tuvo el privilegio de aportar su experiencia como <strong>facilitador y consultor estrat\u00e9gico<\/strong> en procesos de transformaci\u00f3n digital con perspectiva de g\u00e9nero.<\/p>\n\n\n\n<p>Nuestro equipo colabor\u00f3 estrechamente con la Unidad de G\u00e9nero del Registro Civil y el Observatorio de Transformaci\u00f3n Digital del DGPP, apoyando metodol\u00f3gicamente el dise\u00f1o del seminario y generando herramientas para identificar brechas tecnol\u00f3gicas que afectan diferencialmente a mujeres y hombres en la relaci\u00f3n con el Estado.<\/p>\n\n\n\n<p>\ud83d\udc49 Esta experiencia reafirma el valor de las alianzas entre instituciones p\u00fablicas, academia y sector consultor para impulsar una digitalizaci\u00f3n m\u00e1s equitativa, centrada en las personas y con enfoque de derechos.<\/p>\n\n\n\n<p>\ud83d\udca1 En SAMTECNO creemos que <strong>la innovaci\u00f3n p\u00fablica debe ser inclusiva, anal\u00edtica y colaborativa<\/strong>, abordando no solo la incorporaci\u00f3n de tecnolog\u00eda, sino tambi\u00e9n el redise\u00f1o de procesos y pol\u00edticas para asegurar que nadie quede atr\u00e1s.<\/p>\n\n\n\n<p>Seguiremos comprometidos con iniciativas que promuevan una transformaci\u00f3n digital con impacto ciudadano, equidad de g\u00e9nero y eficiencia institucional.<\/p>\n\n\n\n<p>#Transformaci\u00f3nDigital #EquidadDeG\u00e9nero #Innovaci\u00f3nP\u00fablica #BrechaDigital #Consultor\u00edaEstrat\u00e9gica #SAMTECNO #USACH #RegistroCivil #ONU Mujeres<\/p>\n\n\n\n<figure class=\"wp-block-image size-full\"><img decoding=\"async\" src=\"https:\/\/samtecno.cl\/v3\/wp-content\/uploads\/2025\/11\/image.png\" alt=\"\" class=\"wp-image-497\"\/><\/figure>\n","protected":false},"excerpt":{"rendered":"<p>En el marco del Segundo Seminario de Brecha Digital de G\u00e9nero, organizado por una Instituci\u00f3n del estado, ONU Mujeres y el Departamento de Gesti\u00f3n y Pol\u00edticas P\u00fablicas (DGPP) de la USACH, SAMTECNO tuvo el privilegio de aportar su experiencia como facilitador y consultor estrat\u00e9gico en procesos de transformaci\u00f3n digital con perspectiva de g\u00e9nero. Nuestro equipo [&hellip;]<\/p>\n","protected":false},"author":2,"featured_media":497,"comment_status":"open","ping_status":"open","sticky":false,"template":"","format":"standard","meta":{"saved_in_kubio":false,"_monsterinsights_skip_tracking":false,"_monsterinsights_sitenote_active":false,"_monsterinsights_sitenote_note":"","_monsterinsights_sitenote_category":0,"footnotes":""},"categories":[8],"tags":[],"class_list":["post-496","post","type-post","status-publish","format-standard","has-post-thumbnail","hentry","category-insights"],"aioseo_notices":[],"yoast_head":"<!-- This site is optimized with the Yoast SEO plugin v26.8 - https:\/\/yoast.com\/product\/yoast-seo-wordpress\/ -->\n<title>Facilitaci\u00f3n estrat\u00e9gica para una transformaci\u00f3n digital inclusiva con enfoque de g\u00e9nero - SAMTECNO<\/title>\n<meta name=\"robots\" content=\"index, follow, max-snippet:-1, max-image-preview:large, max-video-preview:-1\" \/>\n<link rel=\"canonical\" href=\"https:\/\/samtecno.cl\/v3\/facilitacion-estrategica-para-una-transformacion-digital-inclusiva-con-enfoque-de-genero\/\" \/>\n<meta property=\"og:locale\" content=\"es_ES\" \/>\n<meta property=\"og:type\" content=\"article\" \/>\n<meta property=\"og:title\" content=\"Facilitaci\u00f3n estrat\u00e9gica para una transformaci\u00f3n digital inclusiva con enfoque de g\u00e9nero - SAMTECNO\" \/>\n<meta property=\"og:description\" content=\"En el marco del Segundo Seminario de Brecha Digital de G\u00e9nero, organizado por una Instituci\u00f3n del estado, ONU Mujeres y el Departamento de Gesti\u00f3n y Pol\u00edticas P\u00fablicas (DGPP) de la USACH, SAMTECNO tuvo el privilegio de aportar su experiencia como facilitador y consultor estrat\u00e9gico en procesos de transformaci\u00f3n digital con perspectiva de g\u00e9nero. Nuestro equipo [&hellip;]\" \/>\n<meta property=\"og:url\" content=\"https:\/\/samtecno.cl\/v3\/facilitacion-estrategica-para-una-transformacion-digital-inclusiva-con-enfoque-de-genero\/\" \/>\n<meta property=\"og:site_name\" content=\"SAMTECNO\" \/>\n<meta property=\"article:published_time\" content=\"2025-11-13T01:14:09+00:00\" \/>\n<meta property=\"article:modified_time\" content=\"2025-11-13T01:18:58+00:00\" \/>\n<meta property=\"og:image\" content=\"https:\/\/samtecno.cl\/v3\/wp-content\/uploads\/2025\/11\/image-e1762996658157.png\" \/>\n\t<meta property=\"og:image:width\" content=\"280\" \/>\n\t<meta property=\"og:image:height\" content=\"295\" \/>\n\t<meta property=\"og:image:type\" content=\"image\/png\" \/>\n<meta name=\"author\" content=\"Sergio Araya\" \/>\n<meta name=\"twitter:card\" content=\"summary_large_image\" \/>\n<meta name=\"twitter:label1\" content=\"Escrito por\" \/>\n\t<meta name=\"twitter:data1\" content=\"Sergio Araya\" \/>\n\t<meta name=\"twitter:label2\" content=\"Tiempo estimado de lectura\" \/>\n\t<meta name=\"twitter:data2\" content=\"2 minutos\" \/>\n<script type=\"application\/ld+json\" class=\"yoast-schema-graph\">{\"@context\":\"https:\/\/schema.org\",\"@graph\":[{\"@type\":\"Article\",\"@id\":\"https:\/\/samtecno.cl\/v3\/facilitacion-estrategica-para-una-transformacion-digital-inclusiva-con-enfoque-de-genero\/#article\",\"isPartOf\":{\"@id\":\"https:\/\/samtecno.cl\/v3\/facilitacion-estrategica-para-una-transformacion-digital-inclusiva-con-enfoque-de-genero\/\"},\"author\":{\"name\":\"Sergio Araya\",\"@id\":\"https:\/\/samtecno.cl\/v3\/#\/schema\/person\/b1d3efe91aed151a7b7bd863d5085417\"},\"headline\":\"Facilitaci\u00f3n estrat\u00e9gica para una transformaci\u00f3n digital inclusiva con enfoque de g\u00e9nero\",\"datePublished\":\"2025-11-13T01:14:09+00:00\",\"dateModified\":\"2025-11-13T01:18:58+00:00\",\"mainEntityOfPage\":{\"@id\":\"https:\/\/samtecno.cl\/v3\/facilitacion-estrategica-para-una-transformacion-digital-inclusiva-con-enfoque-de-genero\/\"},\"wordCount\":240,\"commentCount\":0,\"publisher\":{\"@id\":\"https:\/\/samtecno.cl\/v3\/#organization\"},\"image\":{\"@id\":\"https:\/\/samtecno.cl\/v3\/facilitacion-estrategica-para-una-transformacion-digital-inclusiva-con-enfoque-de-genero\/#primaryimage\"},\"thumbnailUrl\":\"https:\/\/samtecno.cl\/v3\/wp-content\/uploads\/2025\/11\/image-e1762996658157.png\",\"articleSection\":[\"Insights\"],\"inLanguage\":\"es-CL\",\"potentialAction\":[{\"@type\":\"CommentAction\",\"name\":\"Comment\",\"target\":[\"https:\/\/samtecno.cl\/v3\/facilitacion-estrategica-para-una-transformacion-digital-inclusiva-con-enfoque-de-genero\/#respond\"]}]},{\"@type\":\"WebPage\",\"@id\":\"https:\/\/samtecno.cl\/v3\/facilitacion-estrategica-para-una-transformacion-digital-inclusiva-con-enfoque-de-genero\/\",\"url\":\"https:\/\/samtecno.cl\/v3\/facilitacion-estrategica-para-una-transformacion-digital-inclusiva-con-enfoque-de-genero\/\",\"name\":\"Facilitaci\u00f3n estrat\u00e9gica para una transformaci\u00f3n digital inclusiva con enfoque de g\u00e9nero - SAMTECNO\",\"isPartOf\":{\"@id\":\"https:\/\/samtecno.cl\/v3\/#website\"},\"primaryImageOfPage\":{\"@id\":\"https:\/\/samtecno.cl\/v3\/facilitacion-estrategica-para-una-transformacion-digital-inclusiva-con-enfoque-de-genero\/#primaryimage\"},\"image\":{\"@id\":\"https:\/\/samtecno.cl\/v3\/facilitacion-estrategica-para-una-transformacion-digital-inclusiva-con-enfoque-de-genero\/#primaryimage\"},\"thumbnailUrl\":\"https:\/\/samtecno.cl\/v3\/wp-content\/uploads\/2025\/11\/image-e1762996658157.png\",\"datePublished\":\"2025-11-13T01:14:09+00:00\",\"dateModified\":\"2025-11-13T01:18:58+00:00\",\"breadcrumb\":{\"@id\":\"https:\/\/samtecno.cl\/v3\/facilitacion-estrategica-para-una-transformacion-digital-inclusiva-con-enfoque-de-genero\/#breadcrumb\"},\"inLanguage\":\"es-CL\",\"potentialAction\":[{\"@type\":\"ReadAction\",\"target\":[\"https:\/\/samtecno.cl\/v3\/facilitacion-estrategica-para-una-transformacion-digital-inclusiva-con-enfoque-de-genero\/\"]}]},{\"@type\":\"ImageObject\",\"inLanguage\":\"es-CL\",\"@id\":\"https:\/\/samtecno.cl\/v3\/facilitacion-estrategica-para-una-transformacion-digital-inclusiva-con-enfoque-de-genero\/#primaryimage\",\"url\":\"https:\/\/samtecno.cl\/v3\/wp-content\/uploads\/2025\/11\/image-e1762996658157.png\",\"contentUrl\":\"https:\/\/samtecno.cl\/v3\/wp-content\/uploads\/2025\/11\/image-e1762996658157.png\",\"width\":280,\"height\":295},{\"@type\":\"BreadcrumbList\",\"@id\":\"https:\/\/samtecno.cl\/v3\/facilitacion-estrategica-para-una-transformacion-digital-inclusiva-con-enfoque-de-genero\/#breadcrumb\",\"itemListElement\":[{\"@type\":\"ListItem\",\"position\":1,\"name\":\"Portada\",\"item\":\"https:\/\/samtecno.cl\/v3\/\"},{\"@type\":\"ListItem\",\"position\":2,\"name\":\"Facilitaci\u00f3n estrat\u00e9gica para una transformaci\u00f3n digital inclusiva con enfoque de g\u00e9nero\"}]},{\"@type\":\"WebSite\",\"@id\":\"https:\/\/samtecno.cl\/v3\/#website\",\"url\":\"https:\/\/samtecno.cl\/v3\/\",\"name\":\"SAMTECNO\",\"description\":\"SAMTECNO  es una empresa de capitales chilenos con foco en el  desarrollo de tecnolog\u00edas , Ingenier\u00eda  y de procesos de  negocio, que busca la diferenciaci\u00f3n con sus clientes a trav\u00e9s de  la entrega de un servicio de alta calidad y vanguardia en los  desarrollos y productos que ofrecemos\",\"publisher\":{\"@id\":\"https:\/\/samtecno.cl\/v3\/#organization\"},\"potentialAction\":[{\"@type\":\"SearchAction\",\"target\":{\"@type\":\"EntryPoint\",\"urlTemplate\":\"https:\/\/samtecno.cl\/v3\/?s={search_term_string}\"},\"query-input\":{\"@type\":\"PropertyValueSpecification\",\"valueRequired\":true,\"valueName\":\"search_term_string\"}}],\"inLanguage\":\"es-CL\"},{\"@type\":\"Organization\",\"@id\":\"https:\/\/samtecno.cl\/v3\/#organization\",\"name\":\"SAMTECNO\",\"url\":\"https:\/\/samtecno.cl\/v3\/\",\"logo\":{\"@type\":\"ImageObject\",\"inLanguage\":\"es-CL\",\"@id\":\"https:\/\/samtecno.cl\/v3\/#\/schema\/logo\/image\/\",\"url\":\"https:\/\/samtecno.cl\/v3\/wp-content\/uploads\/2025\/01\/cropped-logo_SAMTECNO_Black-e1738188650290.jpg\",\"contentUrl\":\"https:\/\/samtecno.cl\/v3\/wp-content\/uploads\/2025\/01\/cropped-logo_SAMTECNO_Black-e1738188650290.jpg\",\"width\":512,\"height\":512,\"caption\":\"SAMTECNO\"},\"image\":{\"@id\":\"https:\/\/samtecno.cl\/v3\/#\/schema\/logo\/image\/\"}},{\"@type\":\"Person\",\"@id\":\"https:\/\/samtecno.cl\/v3\/#\/schema\/person\/b1d3efe91aed151a7b7bd863d5085417\",\"name\":\"Sergio Araya\",\"image\":{\"@type\":\"ImageObject\",\"inLanguage\":\"es-CL\",\"@id\":\"https:\/\/samtecno.cl\/v3\/#\/schema\/person\/image\/\",\"url\":\"https:\/\/secure.gravatar.com\/avatar\/b0ef0759061bd8440b96db72f218f0a44c07e6dd00a23be29872a6bdeb297aeb?s=96&d=mm&r=g\",\"contentUrl\":\"https:\/\/secure.gravatar.com\/avatar\/b0ef0759061bd8440b96db72f218f0a44c07e6dd00a23be29872a6bdeb297aeb?s=96&d=mm&r=g\",\"caption\":\"Sergio Araya\"},\"url\":\"https:\/\/samtecno.cl\/v3\/author\/saraya\/\"}]}<\/script>\n<!-- \/ Yoast SEO plugin. -->","yoast_head_json":{"title":"Facilitaci\u00f3n estrat\u00e9gica para una transformaci\u00f3n digital inclusiva con enfoque de g\u00e9nero - SAMTECNO","robots":{"index":"index","follow":"follow","max-snippet":"max-snippet:-1","max-image-preview":"max-image-preview:large","max-video-preview":"max-video-preview:-1"},"canonical":"https:\/\/samtecno.cl\/v3\/facilitacion-estrategica-para-una-transformacion-digital-inclusiva-con-enfoque-de-genero\/","og_locale":"es_ES","og_type":"article","og_title":"Facilitaci\u00f3n estrat\u00e9gica para una transformaci\u00f3n digital inclusiva con enfoque de g\u00e9nero - SAMTECNO","og_description":"En el marco del Segundo Seminario de Brecha Digital de G\u00e9nero, organizado por una Instituci\u00f3n del estado, ONU Mujeres y el Departamento de Gesti\u00f3n y Pol\u00edticas P\u00fablicas (DGPP) de la USACH, SAMTECNO tuvo el privilegio de aportar su experiencia como facilitador y consultor estrat\u00e9gico en procesos de transformaci\u00f3n digital con perspectiva de g\u00e9nero. Nuestro equipo [&hellip;]","og_url":"https:\/\/samtecno.cl\/v3\/facilitacion-estrategica-para-una-transformacion-digital-inclusiva-con-enfoque-de-genero\/","og_site_name":"SAMTECNO","article_published_time":"2025-11-13T01:14:09+00:00","article_modified_time":"2025-11-13T01:18:58+00:00","og_image":[{"width":280,"height":295,"url":"https:\/\/samtecno.cl\/v3\/wp-content\/uploads\/2025\/11\/image-e1762996658157.png","type":"image\/png"}],"author":"Sergio Araya","twitter_card":"summary_large_image","twitter_misc":{"Escrito por":"Sergio Araya","Tiempo estimado de lectura":"2 minutos"},"schema":{"@context":"https:\/\/schema.org","@graph":[{"@type":"Article","@id":"https:\/\/samtecno.cl\/v3\/facilitacion-estrategica-para-una-transformacion-digital-inclusiva-con-enfoque-de-genero\/#article","isPartOf":{"@id":"https:\/\/samtecno.cl\/v3\/facilitacion-estrategica-para-una-transformacion-digital-inclusiva-con-enfoque-de-genero\/"},"author":{"name":"Sergio Araya","@id":"https:\/\/samtecno.cl\/v3\/#\/schema\/person\/b1d3efe91aed151a7b7bd863d5085417"},"headline":"Facilitaci\u00f3n estrat\u00e9gica para una transformaci\u00f3n digital inclusiva con enfoque de g\u00e9nero","datePublished":"2025-11-13T01:14:09+00:00","dateModified":"2025-11-13T01:18:58+00:00","mainEntityOfPage":{"@id":"https:\/\/samtecno.cl\/v3\/facilitacion-estrategica-para-una-transformacion-digital-inclusiva-con-enfoque-de-genero\/"},"wordCount":240,"commentCount":0,"publisher":{"@id":"https:\/\/samtecno.cl\/v3\/#organization"},"image":{"@id":"https:\/\/samtecno.cl\/v3\/facilitacion-estrategica-para-una-transformacion-digital-inclusiva-con-enfoque-de-genero\/#primaryimage"},"thumbnailUrl":"https:\/\/samtecno.cl\/v3\/wp-content\/uploads\/2025\/11\/image-e1762996658157.png","articleSection":["Insights"],"inLanguage":"es-CL","potentialAction":[{"@type":"CommentAction","name":"Comment","target":["https:\/\/samtecno.cl\/v3\/facilitacion-estrategica-para-una-transformacion-digital-inclusiva-con-enfoque-de-genero\/#respond"]}]},{"@type":"WebPage","@id":"https:\/\/samtecno.cl\/v3\/facilitacion-estrategica-para-una-transformacion-digital-inclusiva-con-enfoque-de-genero\/","url":"https:\/\/samtecno.cl\/v3\/facilitacion-estrategica-para-una-transformacion-digital-inclusiva-con-enfoque-de-genero\/","name":"Facilitaci\u00f3n estrat\u00e9gica para una transformaci\u00f3n digital inclusiva con enfoque de g\u00e9nero - SAMTECNO","isPartOf":{"@id":"https:\/\/samtecno.cl\/v3\/#website"},"primaryImageOfPage":{"@id":"https:\/\/samtecno.cl\/v3\/facilitacion-estrategica-para-una-transformacion-digital-inclusiva-con-enfoque-de-genero\/#primaryimage"},"image":{"@id":"https:\/\/samtecno.cl\/v3\/facilitacion-estrategica-para-una-transformacion-digital-inclusiva-con-enfoque-de-genero\/#primaryimage"},"thumbnailUrl":"https:\/\/samtecno.cl\/v3\/wp-content\/uploads\/2025\/11\/image-e1762996658157.png","datePublished":"2025-11-13T01:14:09+00:00","dateModified":"2025-11-13T01:18:58+00:00","breadcrumb":{"@id":"https:\/\/samtecno.cl\/v3\/facilitacion-estrategica-para-una-transformacion-digital-inclusiva-con-enfoque-de-genero\/#breadcrumb"},"inLanguage":"es-CL","potentialAction":[{"@type":"ReadAction","target":["https:\/\/samtecno.cl\/v3\/facilitacion-estrategica-para-una-transformacion-digital-inclusiva-con-enfoque-de-genero\/"]}]},{"@type":"ImageObject","inLanguage":"es-CL","@id":"https:\/\/samtecno.cl\/v3\/facilitacion-estrategica-para-una-transformacion-digital-inclusiva-con-enfoque-de-genero\/#primaryimage","url":"https:\/\/samtecno.cl\/v3\/wp-content\/uploads\/2025\/11\/image-e1762996658157.png","contentUrl":"https:\/\/samtecno.cl\/v3\/wp-content\/uploads\/2025\/11\/image-e1762996658157.png","width":280,"height":295},{"@type":"BreadcrumbList","@id":"https:\/\/samtecno.cl\/v3\/facilitacion-estrategica-para-una-transformacion-digital-inclusiva-con-enfoque-de-genero\/#breadcrumb","itemListElement":[{"@type":"ListItem","position":1,"name":"Portada","item":"https:\/\/samtecno.cl\/v3\/"},{"@type":"ListItem","position":2,"name":"Facilitaci\u00f3n estrat\u00e9gica para una transformaci\u00f3n digital inclusiva con enfoque de g\u00e9nero"}]},{"@type":"WebSite","@id":"https:\/\/samtecno.cl\/v3\/#website","url":"https:\/\/samtecno.cl\/v3\/","name":"SAMTECNO","description":"SAMTECNO  es una empresa de capitales chilenos con foco en el  desarrollo de tecnolog\u00edas , Ingenier\u00eda  y de procesos de  negocio, que busca la diferenciaci\u00f3n con sus clientes a trav\u00e9s de  la entrega de un servicio de alta calidad y vanguardia en los  desarrollos y productos que ofrecemos","publisher":{"@id":"https:\/\/samtecno.cl\/v3\/#organization"},"potentialAction":[{"@type":"SearchAction","target":{"@type":"EntryPoint","urlTemplate":"https:\/\/samtecno.cl\/v3\/?s={search_term_string}"},"query-input":{"@type":"PropertyValueSpecification","valueRequired":true,"valueName":"search_term_string"}}],"inLanguage":"es-CL"},{"@type":"Organization","@id":"https:\/\/samtecno.cl\/v3\/#organization","name":"SAMTECNO","url":"https:\/\/samtecno.cl\/v3\/","logo":{"@type":"ImageObject","inLanguage":"es-CL","@id":"https:\/\/samtecno.cl\/v3\/#\/schema\/logo\/image\/","url":"https:\/\/samtecno.cl\/v3\/wp-content\/uploads\/2025\/01\/cropped-logo_SAMTECNO_Black-e1738188650290.jpg","contentUrl":"https:\/\/samtecno.cl\/v3\/wp-content\/uploads\/2025\/01\/cropped-logo_SAMTECNO_Black-e1738188650290.jpg","width":512,"height":512,"caption":"SAMTECNO"},"image":{"@id":"https:\/\/samtecno.cl\/v3\/#\/schema\/logo\/image\/"}},{"@type":"Person","@id":"https:\/\/samtecno.cl\/v3\/#\/schema\/person\/b1d3efe91aed151a7b7bd863d5085417","name":"Sergio Araya","image":{"@type":"ImageObject","inLanguage":"es-CL","@id":"https:\/\/samtecno.cl\/v3\/#\/schema\/person\/image\/","url":"https:\/\/secure.gravatar.com\/avatar\/b0ef0759061bd8440b96db72f218f0a44c07e6dd00a23be29872a6bdeb297aeb?s=96&d=mm&r=g","contentUrl":"https:\/\/secure.gravatar.com\/avatar\/b0ef0759061bd8440b96db72f218f0a44c07e6dd00a23be29872a6bdeb297aeb?s=96&d=mm&r=g","caption":"Sergio Araya"},"url":"https:\/\/samtecno.cl\/v3\/author\/saraya\/"}]}},"jetpack_featured_media_url":"https:\/\/samtecno.cl\/v3\/wp-content\/uploads\/2025\/11\/image-e1762996658157.png","_links":{"self":[{"href":"https:\/\/samtecno.cl\/v3\/wp-json\/wp\/v2\/posts\/496","targetHints":{"allow":["GET"]}}],"collection":[{"href":"https:\/\/samtecno.cl\/v3\/wp-json\/wp\/v2\/posts"}],"about":[{"href":"https:\/\/samtecno.cl\/v3\/wp-json\/wp\/v2\/types\/post"}],"author":[{"embeddable":true,"href":"https:\/\/samtecno.cl\/v3\/wp-json\/wp\/v2\/users\/2"}],"replies":[{"embeddable":true,"href":"https:\/\/samtecno.cl\/v3\/wp-json\/wp\/v2\/comments?post=496"}],"version-history":[{"count":1,"href":"https:\/\/samtecno.cl\/v3\/wp-json\/wp\/v2\/posts\/496\/revisions"}],"predecessor-version":[{"id":498,"href":"https:\/\/samtecno.cl\/v3\/wp-json\/wp\/v2\/posts\/496\/revisions\/498"}],"wp:featuredmedia":[{"embeddable":true,"href":"https:\/\/samtecno.cl\/v3\/wp-json\/wp\/v2\/media\/497"}],"wp:attachment":[{"href":"https:\/\/samtecno.cl\/v3\/wp-json\/wp\/v2\/media?parent=496"}],"wp:term":[{"taxonomy":"category","embeddable":true,"href":"https:\/\/samtecno.cl\/v3\/wp-json\/wp\/v2\/categories?post=496"},{"taxonomy":"post_tag","embeddable":true,"href":"https:\/\/samtecno.cl\/v3\/wp-json\/wp\/v2\/tags?post=496"}],"curies":[{"name":"wp","href":"https:\/\/api.w.org\/{rel}","templated":true}]}}